[{"@context":"https:\/\/schema.org\/","@type":"Article","@id":"https:\/\/www.marimar.cz\/klimatizace-v-byte-to-neni-jen-komfort-a-pohodli\/#Article","mainEntityOfPage":"https:\/\/www.marimar.cz\/klimatizace-v-byte-to-neni-jen-komfort-a-pohodli\/","headline":"Klimatizace v byt\u011b \u2013 to nen\u00ed jen komfort a pohodl\u00ed","name":"Klimatizace v byt\u011b \u2013 to nen\u00ed jen komfort a pohodl\u00ed","description":"N\u011bkte\u0159\u00ed lid\u00e9 maj\u00ed st\u00e1le spojen s klimatizac\u00ed p\u0159edev\u0161\u00edm neb\u00fdval\u00fd luxus a komfort, kter\u00fd kdysi n\u00e1le\u017eel jen n\u011bkter\u00fdm movit\u011bj\u0161\u00edm lidem. Toto sice platilo je\u0161t\u011b za socialismu a na po\u010d\u00e1tku devades\u00e1t\u00fdch let, ale dnes se situace m\u011bn\u00ed a klimatizace se st\u00e1v\u00e1 b\u011b\u017en\u00fdm vybaven\u00edm dom\u00e1cnost\u00ed, zejm\u00e9na ve m\u011bstech. M\u00edt doma klimatizaci v\u0161ak neznamen\u00e1 pouze komfort v podob\u011b optim\u00e1ln\u00ed&hellip;","datePublished":"2023-02-10","dateModified":"2023-02-10","author":{"@type":"Person","@id":"https:\/\/www.marimar.cz\/author\/#Person","name":"","url":"https:\/\/www.marimar.cz\/author\/","identifier":1,"image":{"@type":"ImageObject","@id":"https:\/\/secure.gravatar.com\/avatar\/8eaf08ef5a7e54fc91db02b2058b03bc913caaaa39c046819bbf43d06bd23c2b?s=96&d=mm&r=g","url":"https:\/\/secure.gravatar.com\/avatar\/8eaf08ef5a7e54fc91db02b2058b03bc913caaaa39c046819bbf43d06bd23c2b?s=96&d=mm&r=g","height":96,"width":96}},"publisher":{"@type":"Organization","name":"marimar.cz","logo":{"@type":"ImageObject","@id":"\/logo.png","url":"\/logo.png","width":600,"height":60}},"image":{"@type":"ImageObject","@id":"https:\/\/www.marimar.cz\/wp-content\/uploads\/remote-control-gc396948f1_640.jpg","url":"https:\/\/www.marimar.cz\/wp-content\/uploads\/remote-control-gc396948f1_640.jpg","height":0,"width":0},"url":"https:\/\/www.marimar.cz\/klimatizace-v-byte-to-neni-jen-komfort-a-pohodli\/","about":["Elektro"],"wordCount":422,"articleBody":"   N\u011bkte\u0159\u00ed lid\u00e9 maj\u00ed st\u00e1le spojen s klimatizac\u00ed p\u0159edev\u0161\u00edm neb\u00fdval\u00fd luxus a komfort, kter\u00fd kdysi n\u00e1le\u017eel jen n\u011bkter\u00fdm movit\u011bj\u0161\u00edm lidem. Toto sice platilo je\u0161t\u011b za socialismu a na po\u010d\u00e1tku devades\u00e1t\u00fdch let, ale dnes se situace m\u011bn\u00ed a klimatizace se st\u00e1v\u00e1 b\u011b\u017en\u00fdm vybaven\u00edm dom\u00e1cnost\u00ed, zejm\u00e9na ve m\u011bstech.M\u00edt doma klimatizaci v\u0161ak neznamen\u00e1 pouze komfort v podob\u011b optim\u00e1ln\u00ed teploty ovzdu\u0161\u00ed, jde tu p\u0159edev\u0161\u00edm o na\u0161e zdrav\u00ed. V ohro\u017een\u00ed jsou mnohem v\u00edce n\u011bkter\u00e9 skupiny obyvatel:Senio\u0159i \u2013 senio\u0159i jsou obecn\u011b v\u00edce ohro\u017eeni na \u017eivot\u011b v letn\u00edch vedrech, ne\u017e lid\u00e9 v produktivn\u00edm v\u011bku. Pro n\u011b b\u00fdv\u00e1 mont\u00e1\u017e klimatizace v Brn\u011b hotov\u00fdm po\u017eehn\u00e1n\u00edm.T\u011bhotn\u00e9 \u017eeny \u2013 t\u011bhotenstv\u00ed je samo o sob\u011b zna\u010dnou z\u00e1t\u011b\u017e\u00ed pro organismus, a p\u0159i\u0159ad\u00ed-li se k tomu je\u0161t\u011b letn\u00ed vedro, nen\u00ed to rozhodn\u011b z\u00e1vid\u011bn\u00edhodn\u00e1 situace. T\u011bhotn\u00e9 budouc\u00ed maminky mohou v horku i zkolabovat a m\u016f\u017ee to ohrozit i samotn\u00fd plod. T\u011bhotn\u00e9 \u017eeny by m\u011bly v tomto obdob\u00ed zv\u00e1\u017eit minim\u00e1ln\u00ed pohyb i venku, kde \u017e\u00e1dn\u00e1 klimatizace nen\u00ed.Lid\u00e9 v rekonvalescenci po nemoc\u00edch a operac\u00edch \u2013 hork\u00fd letn\u00ed vzduch zt\u011b\u017euje pr\u016fb\u011bh rekonvalescence a prodlu\u017euje dobu bun\u011b\u010dn\u00e9 regenerace. Zva\u017ete proto instalaci klimatizace i z tohoto d\u016fvodu.Mal\u00e9 d\u011bti \u2013 d\u011bti ve v\u011bku batolat a kojenc\u016f tak\u00e9 mohou b\u00fdt v\u00fdznamn\u011b ohro\u017een\u00e9 letn\u00edm vedrem, bude se jim h\u016f\u0159e us\u00ednat a odpo\u010d\u00edvat, budou v\u00edce pla\u010dtiv\u00e9, nebudou m\u00edt chu\u0165 k j\u00eddlu a mohou b\u00fdt posti\u017een\u00e9 i \u00fapalem.Lid\u00e9 s deficitem magn\u00e9zia \u2013 sch\u00e1z\u00ed-li v\u00e1m v t\u011ble ho\u0159\u010d\u00edk, budete v letn\u00edm vedru je\u0161t\u011b v\u00edce trp\u011bt, proto\u017ee mnoho ho\u0159\u010d\u00edku se vyplavuje potem, a extr\u00e9mn\u00ed horko nav\u00edc zvy\u0161uje stres, co\u017e je dal\u0161\u00ed d\u016fvod k v\u011bt\u0161\u00ed spot\u0159eb\u011b ho\u0159\u010d\u00edku v organismu.Infarkt myokardu a mozkov\u00e1 mrtvice \u2013 extr\u00e9mn\u00edmu vedru by se m\u011bli vyvarovat i lid\u00e9, kter\u00fdm hroz\u00ed tato z\u00e1va\u017en\u00e1 onemocn\u011bn\u00ed a stavy, anebo ti, co ji\u017e infarkt nebo c\u00e9vn\u00ed mozkovou p\u0159\u00edhodu prod\u011blali. Nebezpe\u010dn\u00fd je hlavn\u011b n\u00e1ro\u010dn\u011bj\u0161\u00ed pohyb a fyzick\u00e1 aktivita, nap\u0159\u00edklad no\u0161en\u00ed t\u011b\u017ek\u00fdch ta\u0161ek s n\u00e1kupem.                                                                                                                                                                                                                                                                                                                                                                                          4.4\/5 - (8 votes)        "},{"@context":"https:\/\/schema.org\/","@type":"BreadcrumbList","itemListElement":[{"@type":"ListItem","position":1,"name":"Klimatizace v byt\u011b \u2013 to nen\u00ed jen komfort a pohodl\u00ed","item":"https:\/\/www.marimar.cz\/klimatizace-v-byte-to-neni-jen-komfort-a-pohodli\/#breadcrumbitem"}]}]