[{"@context":"https:\/\/schema.org\/","@type":"Article","@id":"https:\/\/www.marimar.cz\/moje-zahrada\/#Article","mainEntityOfPage":"https:\/\/www.marimar.cz\/moje-zahrada\/","headline":"Moje zahrada","name":"Moje zahrada","description":"Pov\u00edm v\u00e1m, \u017ee n\u011bkdy p\u00e9\u010de o zahradu je velice n\u00e1ro\u010dn\u00e1. Neb\u00fdt m\u011b, tak by asi na\u0161e zahrada byla opravdu v d\u011bsn\u00e9m stavu. Vypadalo by to opravdu katastrof\u00e1ln\u011b, proto jsem si \u0159ekla, \u017ee jsem r\u00e1da, \u017ee m\u00e1m r\u00e1da p\u00e9\u010di o zahradu. J\u00e1 u n\u00e1s na zahrad\u011b hlavn\u011b p\u011bstuji ovoce a zeleninu. Minul\u00fd rok jsem si tam&hellip;","datePublished":"2023-10-12","dateModified":"2023-10-12","author":{"@type":"Person","@id":"https:\/\/www.marimar.cz\/author\/#Person","name":"","url":"https:\/\/www.marimar.cz\/author\/","identifier":1,"image":{"@type":"ImageObject","@id":"https:\/\/secure.gravatar.com\/avatar\/8eaf08ef5a7e54fc91db02b2058b03bc913caaaa39c046819bbf43d06bd23c2b?s=96&d=mm&r=g","url":"https:\/\/secure.gravatar.com\/avatar\/8eaf08ef5a7e54fc91db02b2058b03bc913caaaa39c046819bbf43d06bd23c2b?s=96&d=mm&r=g","height":96,"width":96}},"publisher":{"@type":"Organization","name":"marimar.cz","logo":{"@type":"ImageObject","@id":"\/logo.png","url":"\/logo.png","width":600,"height":60}},"image":{"@type":"ImageObject","@id":"https:\/\/www.marimar.cz\/wp-content\/uploads\/real-estate-6893060_960_720.jpg","url":"https:\/\/www.marimar.cz\/wp-content\/uploads\/real-estate-6893060_960_720.jpg","height":0,"width":0},"url":"https:\/\/www.marimar.cz\/moje-zahrada\/","about":["Zahrada a d\u016fm"],"wordCount":425,"articleBody":"Pov\u00edm v\u00e1m, \u017ee n\u011bkdy p\u00e9\u010de o zahradu je velice n\u00e1ro\u010dn\u00e1. Neb\u00fdt m\u011b, tak by asi na\u0161e zahrada byla opravdu v d\u011bsn\u00e9m stavu. Vypadalo by to opravdu katastrof\u00e1ln\u011b, proto jsem si \u0159ekla, \u017ee jsem r\u00e1da, \u017ee m\u00e1m r\u00e1da p\u00e9\u010di o zahradu. J\u00e1 u n\u00e1s na zahrad\u011b hlavn\u011b p\u011bstuji ovoce a zeleninu. Minul\u00fd rok jsem si tam zasadila dva\u00a0angre\u0161ty a tak\u00e9 ryb\u00edzy. Tak\u00e9 m\u00e1m r\u00e1da, kdy\u017e mohu p\u011bstovat zeleninu. A to hlavn\u011b raj\u010data a papriky. Proto\u017ee tahle zelenina mi v\u017edycky d\u00e1v\u00e1 to, co pot\u0159ebuj\u00ed. Chutn\u00e1 mi a je nav\u00edc hodn\u011b zdrav\u00e1. Tak\u00e9 bych cht\u011bla \u0159\u00edct, \u017ee nen\u00ed \u00fapln\u011b na \u0161kodu. Kdybyste si t\u0159eba n\u011bkdy k v\u00e1m na zahradu poslali n\u011bjak\u00e9ho zahradn\u00edka. J\u00e1 v\u00edm, \u017ee zahradn\u00edk v\u017edycky se ve v\u0161em dokonale vyzn\u00e1. Tedy za p\u0159edpokladu, \u017ee je to opravdu prav\u00fd zahradn\u00edk. N\u011bkdy lid\u00e9 si zavolaj\u00ed k sob\u011b n\u011bkoho, \u017ee cht\u011bj\u00ed posekat zahradu, ale potom z toho vznikne opravdu velik\u00e1 katastrofa. Bohu\u017eel jim n\u011bkdy zahradn\u00edk posek\u00e1 i drah\u00e9 kv\u011btiny anebo ke\u0159e. Takov\u00e9 ke\u0159e, kter\u00e9 jsou mal\u00e9 a v\u016fbec nejdou vid\u011bt. A \u0161patn\u00fd zahradn\u00edk si mysl\u00ed, \u017ee je to jenom n\u011bjak\u00fd plevel. Co\u017e je potom velik\u00fd omyl. Stalo se v\u00e1m tohle v\u016fbec n\u011bkdy? Mn\u011b se to stalo pr\u00e1v\u011b jednou. Proto si u\u017e na to d\u00e1v\u00e1m pozor. V\u00e1\u017en\u011b nechci, aby moje drah\u00e9 kv\u011btiny anebo ovocn\u00e9 ke\u0159\u00edky posekal n\u011bkdo, kdo tomu v\u016fbec nerozum\u00ed.Proto jsem si \u0159ekla, \u017ee nejlep\u0161\u00ed bude, kdy\u017e se o svou zahradu budu starat sama. I kdy\u017e n\u00e1s tam bydl\u00ed v\u00edce \u010dlen\u016f rodiny, tak jsem r\u00e1da, \u017ee se o zahradu mohu postarat jenom j\u00e1. Proto\u017ee hlavn\u011b j\u00e1 tam n\u011bco s\u00e1z\u00edm. J\u00e1 se o zahradu star\u00e1m. A tohle m\u011b bav\u00ed. V\u016fbec nikomu ne\u0159\u00edk\u00e1m a nikdy bych ani ne\u0159ekla, aby za m\u011b posekal zahradu nebo aby pohnojil z\u00e1honky. Tohle v\u016fbec nep\u0159ipad\u00e1 v \u00favahu. Ale je samoz\u0159ejm\u00e9, \u017ee ka\u017ed\u00fd \u010dlov\u011bk by cht\u011bl m\u00edt kr\u00e1snou zahradu. Kdy\u017e u\u017e ji m\u00e1me, tak p\u0159ece ji nenech\u00e1me jenom tak le\u017eet ladem skladem. J\u00e1 jsem v\u017edycky cht\u011bla m\u00edt zahradu plnou kv\u011btin a tak\u00e9 kr\u00e1sn\u00fdch velk\u00fdch mot\u00fdl\u016f.\u00a0                                                                                                                                                                                                                                                                                                                                                                                        4.2\/5 - (11 votes)        "},{"@context":"https:\/\/schema.org\/","@type":"BreadcrumbList","itemListElement":[{"@type":"ListItem","position":1,"name":"Moje zahrada","item":"https:\/\/www.marimar.cz\/moje-zahrada\/#breadcrumbitem"}]}]