[{"@context":"https:\/\/schema.org\/","@type":"Article","@id":"https:\/\/www.marimar.cz\/terasova-prkna-uspesne-konkuruji-dlazdicim-z-keramiky-i-kamene\/#Article","mainEntityOfPage":"https:\/\/www.marimar.cz\/terasova-prkna-uspesne-konkuruji-dlazdicim-z-keramiky-i-kamene\/","headline":"Terasov\u00e1 prkna \u00fasp\u011b\u0161n\u011b konkuruj\u00ed dla\u017edic\u00edm z keramiky i kamene","name":"Terasov\u00e1 prkna \u00fasp\u011b\u0161n\u011b konkuruj\u00ed dla\u017edic\u00edm z keramiky i kamene","description":"Otev\u0159en\u00e9 \u010di \u010d\u00e1ste\u010dn\u011b uzav\u0159en\u00e9 terasy s kr\u00e1sn\u00fdm v\u00fdhledem jsou u domu v\u00edtan\u00fdm prvkem, poskytuj\u00ed podobnou rozko\u0161, jakou vn\u00edm\u00e1me p\u0159i pohledu z vyhl\u00eddkov\u00fdch v\u011b\u017e\u00ed, rozhleden \u010di zaj\u00edmav\u00fdch p\u0159\u00edrodn\u00edch lokalit. Tento jev p\u0159ipom\u00edn\u00e1 hlubokou duchovn\u00ed pravdu, m\u00edt ve v\u0161em kolem sebe n\u00e1le\u017eit\u00fd p\u0159ehled a b\u00fdt sou\u010d\u00e1st\u00ed okoln\u00edho prost\u0159ed\u00ed nejen jako pozorovatel, ale i aktivn\u00ed tv\u016frce. Rozhodnete-li se&hellip;","datePublished":"2021-12-18","dateModified":"2021-12-18","author":{"@type":"Person","@id":"https:\/\/www.marimar.cz\/author\/#Person","name":"","url":"https:\/\/www.marimar.cz\/author\/","identifier":1,"image":{"@type":"ImageObject","@id":"https:\/\/secure.gravatar.com\/avatar\/8eaf08ef5a7e54fc91db02b2058b03bc913caaaa39c046819bbf43d06bd23c2b?s=96&d=mm&r=g","url":"https:\/\/secure.gravatar.com\/avatar\/8eaf08ef5a7e54fc91db02b2058b03bc913caaaa39c046819bbf43d06bd23c2b?s=96&d=mm&r=g","height":96,"width":96}},"publisher":{"@type":"Organization","name":"marimar.cz","logo":{"@type":"ImageObject","@id":"\/logo.png","url":"\/logo.png","width":600,"height":60}},"image":{"@type":"ImageObject","@id":"https:\/\/www.marimar.cz\/wp-content\/uploads\/ginkgo-4651311_640.jpg","url":"https:\/\/www.marimar.cz\/wp-content\/uploads\/ginkgo-4651311_640.jpg","height":0,"width":0},"url":"https:\/\/www.marimar.cz\/terasova-prkna-uspesne-konkuruji-dlazdicim-z-keramiky-i-kamene\/","about":["Elektro"],"wordCount":427,"articleBody":"     Otev\u0159en\u00e9 \u010di \u010d\u00e1ste\u010dn\u011b uzav\u0159en\u00e9 terasy s kr\u00e1sn\u00fdm v\u00fdhledem jsou u domu v\u00edtan\u00fdm prvkem, poskytuj\u00ed podobnou rozko\u0161, jakou vn\u00edm\u00e1me p\u0159i pohledu z vyhl\u00eddkov\u00fdch v\u011b\u017e\u00ed, rozhleden \u010di zaj\u00edmav\u00fdch p\u0159\u00edrodn\u00edch lokalit. Tento jev p\u0159ipom\u00edn\u00e1 hlubokou duchovn\u00ed pravdu, m\u00edt ve v\u0161em kolem sebe n\u00e1le\u017eit\u00fd p\u0159ehled a b\u00fdt sou\u010d\u00e1st\u00ed okoln\u00edho prost\u0159ed\u00ed nejen jako pozorovatel, ale i aktivn\u00ed tv\u016frce.Rozhodnete-li se vybudovat u domu lod\u017eii, balkon \u010di terasu, jist\u011b budete zva\u017eovat, jak\u00fdm zp\u016fsobem vy\u0159e\u0161it podlahovou krytinu. Nab\u00edz\u00ed se cel\u00e1 \u0159ada \u0159e\u0161en\u00ed, nej\u010dast\u011bji jde o materi\u00e1ly velmi pevn\u00e9, kompaktn\u00ed a trvanliv\u00e9, jako je keramick\u00e1 dla\u017eba, p\u0159\u00edrodn\u00ed k\u00e1men, ale ve h\u0159e je tak\u00e9 masivn\u00ed d\u0159evo. Podlaha na terase ze d\u0159eva, spr\u00e1vn\u011b polo\u017een\u00e1 s vyu\u017eit\u00edm distan\u010dn\u00edch podlo\u017eek a rektifika\u010dn\u00edch ter\u010d\u016f pro terasov\u00e1 prkna Gardina, se m\u016f\u017ee pochlubit vlastnostmi, s nimi\u017e nedisponuj\u00ed ani keramick\u00e9 dla\u017edice, ani kamenn\u00e9 kv\u00e1dry \u010di nepravideln\u00e9 \u00fatvary.D\u0159evo velmi dob\u0159e vypad\u00e1 \u2013 mnohdy terasov\u00e1 prkna p\u016fsob\u00ed na psychiku l\u00e9pe, ne\u017e chladn\u00e9 kameny, je to d\u00e1no jejich vnit\u0159n\u00ed strukturou a teplou barvou, kter\u00e1 navozuje dojem vnit\u0159n\u00edho tepla a harmonie, souzn\u011bn\u00ed s p\u0159\u00edrodou, zat\u00edmco kameny a um\u011ble vytvo\u0159en\u00e1 glazura na keramick\u00fdch dla\u017edic\u00edch p\u016fsob\u00ed sp\u00ed\u0161e chladn\u011b a odta\u017eit\u011b. Velmi pak z\u00e1le\u017e\u00ed na barv\u011b kamene i dla\u017eby, pokud je p\u0159\u00edli\u0161 tmav\u00e1 \u010di \u0161ed\u00e1, m\u016f\u017ee dokonce vyvol\u00e1vat i deprese a \u00fazkosti.D\u0159evo je pro ch\u016fzi jako stvo\u0159en\u00e9 \u2013 na\u0161lapovat bosou nohou po d\u0159ev\u011bn\u00fdch prknech m\u00e1 n\u011bco do sebe, vn\u00edm\u00e1me, \u017ee se dot\u00fdk\u00e1me materi\u00e1lu, kter\u00fd kdysi ob\u00fdval \u017eiv\u00fd strom, je to n\u011bco podobn\u00e9ho, jako kdy\u017e obdarujeme milovanou d\u00edvku svazkem \u017eivouc\u00edch r\u016f\u017e\u00ed. Velmi dob\u0159e rozpozn\u00e1te rozd\u00edl mezi um\u011bl\u00fdmi kv\u011btinami a t\u011bmi \u017eiv\u00fdmi. D\u0159evo je nav\u00edc p\u0159\u00edjemn\u011b tepl\u00e9, v l\u00e9t\u011b nep\u0159ij\u00edm\u00e1 tolik slune\u010dn\u00edho z\u00e1\u0159en\u00ed, tak\u017ee se o n\u011bj nesp\u00e1l\u00edte tak, jak tomu b\u00fdv\u00e1 u kamen\u016f, a v chladn\u00e9m po\u010das\u00ed zas tolik nestud\u00ed, jako povrch keramick\u00fdch \u010di kamenn\u00fdch dla\u017edic. A p\u0159i vhodn\u00e9 povrchov\u00e9 \u00faprav\u011b je d\u0159ev\u011bn\u00e1 podlaha i mimo\u0159\u00e1dn\u011b bezpe\u010dn\u00e1.                                                                                                                                                                                                                                                                                                                                                                                         4.2\/5 - (4 votes)        "},{"@context":"https:\/\/schema.org\/","@type":"BreadcrumbList","itemListElement":[{"@type":"ListItem","position":1,"name":"Terasov\u00e1 prkna \u00fasp\u011b\u0161n\u011b konkuruj\u00ed dla\u017edic\u00edm z keramiky i kamene","item":"https:\/\/www.marimar.cz\/terasova-prkna-uspesne-konkuruji-dlazdicim-z-keramiky-i-kamene\/#breadcrumbitem"}]}]